{"id":1285,"date":"2024-12-03T17:29:08","date_gmt":"2024-12-03T17:29:08","guid":{"rendered":"https:\/\/monaghan.ie\/heritage\/?p=1285"},"modified":"2026-02-26T15:52:18","modified_gmt":"2026-02-26T15:52:18","slug":"2024-national-heritage-week-awards","status":"publish","type":"post","link":"https:\/\/monaghan.ie\/heritage\/2024\/12\/03\/2024-national-heritage-week-awards\/","title":{"rendered":"2024 National Heritage Week Awards"},"content":{"rendered":"<p>The Heritage Office alongside D\u00e9agl\u00e1n \u00d3 Doibhlin and Brian Mac Domhnaill have won the award for best event in the Irish Language Category for our Heritage Week Event Air Th\u00f3ir Airgh\u00edalla \u2013 In Search of Airg\u00edalla.<\/p>\n<p>The Award ceremony was held on Friday 15<sup>th<\/sup> November in Royal Hospital Kilmainham Dublin.<\/p>\n<p><img fetchpriority=\"high\" decoding=\"async\" class=\"aligncenter wp-image-1286 size-full\" src=\"http:\/\/monaghan.ie\/heritage\/wp-content\/uploads\/sites\/13\/2024\/12\/heritage_awards_24_team.jpg\" alt=\"Heritage Awards 24 Team\" width=\"637\" height=\"405\" \/><\/p>\n<p><img decoding=\"async\" class=\"aligncenter wp-image-1288 size-full\" src=\"http:\/\/monaghan.ie\/heritage\/wp-content\/uploads\/sites\/13\/2024\/12\/heritage_awards_24.jpg\" alt=\"Heritage Awards 24\" width=\"453\" height=\"169\" \/><\/p>\n","protected":false},"excerpt":{"rendered":"<p>The Heritage Office alongside D\u00e9agl\u00e1n \u00d3 Doibhlin and Brian Mac Domhnaill have won the award for best event in the Irish Language Category for our Heritage Week Event Air Th\u00f3ir [&hellip;]<\/p>\n","protected":false},"author":1,"featured_media":1286,"comment_status":"closed","ping_status":"closed","sticky":false,"template":"","format":"standard","meta":{"_searchwp_excluded":"","footnotes":""},"categories":[4],"tags":[],"class_list":["post-1285","post","type-post","status-publish","format-standard","has-post-thumbnail","hentry","category-archive"],"yoast_head":"<!-- This site is optimized with the Yoast SEO plugin v27.2 - https:\/\/yoast.com\/product\/yoast-seo-wordpress\/ -->\n<title>2024 National Heritage Week Awards - Heritage<\/title>\n<meta name=\"robots\" content=\"index, follow, max-snippet:-1, max-image-preview:large, max-video-preview:-1\" \/>\n<link rel=\"canonical\" href=\"https:\/\/monaghan.ie\/heritage\/2024\/12\/03\/2024-national-heritage-week-awards\/\" \/>\n<meta property=\"og:locale\" content=\"en_GB\" \/>\n<meta property=\"og:type\" content=\"article\" \/>\n<meta property=\"og:title\" content=\"2024 National Heritage Week Awards - Heritage\" \/>\n<meta property=\"og:description\" content=\"The Heritage Office alongside D\u00e9agl\u00e1n \u00d3 Doibhlin and Brian Mac Domhnaill have won the award for best event in the Irish Language Category for our Heritage Week Event Air Th\u00f3ir [&hellip;]\" \/>\n<meta property=\"og:url\" content=\"https:\/\/monaghan.ie\/heritage\/2024\/12\/03\/2024-national-heritage-week-awards\/\" \/>\n<meta property=\"og:site_name\" content=\"Heritage\" \/>\n<meta property=\"article:published_time\" content=\"2024-12-03T17:29:08+00:00\" \/>\n<meta property=\"article:modified_time\" content=\"2026-02-26T15:52:18+00:00\" \/>\n<meta name=\"author\" content=\"monaghan\" \/>\n<meta name=\"twitter:card\" content=\"summary_large_image\" \/>\n<meta name=\"twitter:label1\" content=\"Written by\" \/>\n\t<meta name=\"twitter:data1\" content=\"monaghan\" \/>\n\t<meta name=\"twitter:label2\" content=\"Estimated reading time\" \/>\n\t<meta name=\"twitter:data2\" content=\"1 minute\" \/>\n<script type=\"application\/ld+json\" class=\"yoast-schema-graph\">{\"@context\":\"https:\/\/schema.org\",\"@graph\":[{\"@type\":\"Article\",\"@id\":\"https:\/\/monaghan.ie\/heritage\/2024\/12\/03\/2024-national-heritage-week-awards\/#article\",\"isPartOf\":{\"@id\":\"https:\/\/monaghan.ie\/heritage\/2024\/12\/03\/2024-national-heritage-week-awards\/\"},\"author\":{\"name\":\"monaghan\",\"@id\":\"https:\/\/monaghan.ie\/heritage\/#\/schema\/person\/799e40ffbb26e7f21465563dfadf7111\"},\"headline\":\"2024 National Heritage Week Awards\",\"datePublished\":\"2024-12-03T17:29:08+00:00\",\"dateModified\":\"2026-02-26T15:52:18+00:00\",\"mainEntityOfPage\":{\"@id\":\"https:\/\/monaghan.ie\/heritage\/2024\/12\/03\/2024-national-heritage-week-awards\/\"},\"wordCount\":57,\"image\":{\"@id\":\"https:\/\/monaghan.ie\/heritage\/2024\/12\/03\/2024-national-heritage-week-awards\/#primaryimage\"},\"thumbnailUrl\":\"\",\"articleSection\":[\"Archive\"],\"inLanguage\":\"en-GB\"},{\"@type\":\"WebPage\",\"@id\":\"https:\/\/monaghan.ie\/heritage\/2024\/12\/03\/2024-national-heritage-week-awards\/\",\"url\":\"https:\/\/monaghan.ie\/heritage\/2024\/12\/03\/2024-national-heritage-week-awards\/\",\"name\":\"2024 National Heritage Week Awards - Heritage\",\"isPartOf\":{\"@id\":\"https:\/\/monaghan.ie\/heritage\/#website\"},\"primaryImageOfPage\":{\"@id\":\"https:\/\/monaghan.ie\/heritage\/2024\/12\/03\/2024-national-heritage-week-awards\/#primaryimage\"},\"image\":{\"@id\":\"https:\/\/monaghan.ie\/heritage\/2024\/12\/03\/2024-national-heritage-week-awards\/#primaryimage\"},\"thumbnailUrl\":\"\",\"datePublished\":\"2024-12-03T17:29:08+00:00\",\"dateModified\":\"2026-02-26T15:52:18+00:00\",\"author\":{\"@id\":\"https:\/\/monaghan.ie\/heritage\/#\/schema\/person\/799e40ffbb26e7f21465563dfadf7111\"},\"breadcrumb\":{\"@id\":\"https:\/\/monaghan.ie\/heritage\/2024\/12\/03\/2024-national-heritage-week-awards\/#breadcrumb\"},\"inLanguage\":\"en-GB\",\"potentialAction\":[{\"@type\":\"ReadAction\",\"target\":[\"https:\/\/monaghan.ie\/heritage\/2024\/12\/03\/2024-national-heritage-week-awards\/\"]}]},{\"@type\":\"ImageObject\",\"inLanguage\":\"en-GB\",\"@id\":\"https:\/\/monaghan.ie\/heritage\/2024\/12\/03\/2024-national-heritage-week-awards\/#primaryimage\",\"url\":\"\",\"contentUrl\":\"\"},{\"@type\":\"BreadcrumbList\",\"@id\":\"https:\/\/monaghan.ie\/heritage\/2024\/12\/03\/2024-national-heritage-week-awards\/#breadcrumb\",\"itemListElement\":[{\"@type\":\"ListItem\",\"position\":1,\"name\":\"Home\",\"item\":\"https:\/\/monaghan.ie\/heritage\/\"},{\"@type\":\"ListItem\",\"position\":2,\"name\":\"2024 National Heritage Week Awards\"}]},{\"@type\":\"WebSite\",\"@id\":\"https:\/\/monaghan.ie\/heritage\/#website\",\"url\":\"https:\/\/monaghan.ie\/heritage\/\",\"name\":\"Heritage\",\"description\":\"Monaghan County Council\",\"potentialAction\":[{\"@type\":\"SearchAction\",\"target\":{\"@type\":\"EntryPoint\",\"urlTemplate\":\"https:\/\/monaghan.ie\/heritage\/?s={search_term_string}\"},\"query-input\":{\"@type\":\"PropertyValueSpecification\",\"valueRequired\":true,\"valueName\":\"search_term_string\"}}],\"inLanguage\":\"en-GB\"},{\"@type\":\"Person\",\"@id\":\"https:\/\/monaghan.ie\/heritage\/#\/schema\/person\/799e40ffbb26e7f21465563dfadf7111\",\"name\":\"monaghan\",\"image\":{\"@type\":\"ImageObject\",\"inLanguage\":\"en-GB\",\"@id\":\"https:\/\/secure.gravatar.com\/avatar\/71716b460150a5740f1da6959cbc92035dec9b514bb9216ec47115dfbc8917f2?s=96&d=mm&r=g\",\"url\":\"https:\/\/secure.gravatar.com\/avatar\/71716b460150a5740f1da6959cbc92035dec9b514bb9216ec47115dfbc8917f2?s=96&d=mm&r=g\",\"contentUrl\":\"https:\/\/secure.gravatar.com\/avatar\/71716b460150a5740f1da6959cbc92035dec9b514bb9216ec47115dfbc8917f2?s=96&d=mm&r=g\",\"caption\":\"monaghan\"},\"url\":\"https:\/\/monaghan.ie\/heritage\/author\/monaghan\/\"}]}<\/script>\n<!-- \/ Yoast SEO plugin. -->","yoast_head_json":{"title":"2024 National Heritage Week Awards - Heritage","robots":{"index":"index","follow":"follow","max-snippet":"max-snippet:-1","max-image-preview":"max-image-preview:large","max-video-preview":"max-video-preview:-1"},"canonical":"https:\/\/monaghan.ie\/heritage\/2024\/12\/03\/2024-national-heritage-week-awards\/","og_locale":"en_GB","og_type":"article","og_title":"2024 National Heritage Week Awards - Heritage","og_description":"The Heritage Office alongside D\u00e9agl\u00e1n \u00d3 Doibhlin and Brian Mac Domhnaill have won the award for best event in the Irish Language Category for our Heritage Week Event Air Th\u00f3ir [&hellip;]","og_url":"https:\/\/monaghan.ie\/heritage\/2024\/12\/03\/2024-national-heritage-week-awards\/","og_site_name":"Heritage","article_published_time":"2024-12-03T17:29:08+00:00","article_modified_time":"2026-02-26T15:52:18+00:00","author":"monaghan","twitter_card":"summary_large_image","twitter_misc":{"Written by":"monaghan","Estimated reading time":"1 minute"},"schema":{"@context":"https:\/\/schema.org","@graph":[{"@type":"Article","@id":"https:\/\/monaghan.ie\/heritage\/2024\/12\/03\/2024-national-heritage-week-awards\/#article","isPartOf":{"@id":"https:\/\/monaghan.ie\/heritage\/2024\/12\/03\/2024-national-heritage-week-awards\/"},"author":{"name":"monaghan","@id":"https:\/\/monaghan.ie\/heritage\/#\/schema\/person\/799e40ffbb26e7f21465563dfadf7111"},"headline":"2024 National Heritage Week Awards","datePublished":"2024-12-03T17:29:08+00:00","dateModified":"2026-02-26T15:52:18+00:00","mainEntityOfPage":{"@id":"https:\/\/monaghan.ie\/heritage\/2024\/12\/03\/2024-national-heritage-week-awards\/"},"wordCount":57,"image":{"@id":"https:\/\/monaghan.ie\/heritage\/2024\/12\/03\/2024-national-heritage-week-awards\/#primaryimage"},"thumbnailUrl":"","articleSection":["Archive"],"inLanguage":"en-GB"},{"@type":"WebPage","@id":"https:\/\/monaghan.ie\/heritage\/2024\/12\/03\/2024-national-heritage-week-awards\/","url":"https:\/\/monaghan.ie\/heritage\/2024\/12\/03\/2024-national-heritage-week-awards\/","name":"2024 National Heritage Week Awards - Heritage","isPartOf":{"@id":"https:\/\/monaghan.ie\/heritage\/#website"},"primaryImageOfPage":{"@id":"https:\/\/monaghan.ie\/heritage\/2024\/12\/03\/2024-national-heritage-week-awards\/#primaryimage"},"image":{"@id":"https:\/\/monaghan.ie\/heritage\/2024\/12\/03\/2024-national-heritage-week-awards\/#primaryimage"},"thumbnailUrl":"","datePublished":"2024-12-03T17:29:08+00:00","dateModified":"2026-02-26T15:52:18+00:00","author":{"@id":"https:\/\/monaghan.ie\/heritage\/#\/schema\/person\/799e40ffbb26e7f21465563dfadf7111"},"breadcrumb":{"@id":"https:\/\/monaghan.ie\/heritage\/2024\/12\/03\/2024-national-heritage-week-awards\/#breadcrumb"},"inLanguage":"en-GB","potentialAction":[{"@type":"ReadAction","target":["https:\/\/monaghan.ie\/heritage\/2024\/12\/03\/2024-national-heritage-week-awards\/"]}]},{"@type":"ImageObject","inLanguage":"en-GB","@id":"https:\/\/monaghan.ie\/heritage\/2024\/12\/03\/2024-national-heritage-week-awards\/#primaryimage","url":"","contentUrl":""},{"@type":"BreadcrumbList","@id":"https:\/\/monaghan.ie\/heritage\/2024\/12\/03\/2024-national-heritage-week-awards\/#breadcrumb","itemListElement":[{"@type":"ListItem","position":1,"name":"Home","item":"https:\/\/monaghan.ie\/heritage\/"},{"@type":"ListItem","position":2,"name":"2024 National Heritage Week Awards"}]},{"@type":"WebSite","@id":"https:\/\/monaghan.ie\/heritage\/#website","url":"https:\/\/monaghan.ie\/heritage\/","name":"Heritage","description":"Monaghan County Council","potentialAction":[{"@type":"SearchAction","target":{"@type":"EntryPoint","urlTemplate":"https:\/\/monaghan.ie\/heritage\/?s={search_term_string}"},"query-input":{"@type":"PropertyValueSpecification","valueRequired":true,"valueName":"search_term_string"}}],"inLanguage":"en-GB"},{"@type":"Person","@id":"https:\/\/monaghan.ie\/heritage\/#\/schema\/person\/799e40ffbb26e7f21465563dfadf7111","name":"monaghan","image":{"@type":"ImageObject","inLanguage":"en-GB","@id":"https:\/\/secure.gravatar.com\/avatar\/71716b460150a5740f1da6959cbc92035dec9b514bb9216ec47115dfbc8917f2?s=96&d=mm&r=g","url":"https:\/\/secure.gravatar.com\/avatar\/71716b460150a5740f1da6959cbc92035dec9b514bb9216ec47115dfbc8917f2?s=96&d=mm&r=g","contentUrl":"https:\/\/secure.gravatar.com\/avatar\/71716b460150a5740f1da6959cbc92035dec9b514bb9216ec47115dfbc8917f2?s=96&d=mm&r=g","caption":"monaghan"},"url":"https:\/\/monaghan.ie\/heritage\/author\/monaghan\/"}]}},"_links":{"self":[{"href":"https:\/\/monaghan.ie\/heritage\/wp-json\/wp\/v2\/posts\/1285","targetHints":{"allow":["GET"]}}],"collection":[{"href":"https:\/\/monaghan.ie\/heritage\/wp-json\/wp\/v2\/posts"}],"about":[{"href":"https:\/\/monaghan.ie\/heritage\/wp-json\/wp\/v2\/types\/post"}],"author":[{"embeddable":true,"href":"https:\/\/monaghan.ie\/heritage\/wp-json\/wp\/v2\/users\/1"}],"replies":[{"embeddable":true,"href":"https:\/\/monaghan.ie\/heritage\/wp-json\/wp\/v2\/comments?post=1285"}],"version-history":[{"count":1,"href":"https:\/\/monaghan.ie\/heritage\/wp-json\/wp\/v2\/posts\/1285\/revisions"}],"predecessor-version":[{"id":2514,"href":"https:\/\/monaghan.ie\/heritage\/wp-json\/wp\/v2\/posts\/1285\/revisions\/2514"}],"wp:featuredmedia":[{"embeddable":true,"href":"https:\/\/monaghan.ie\/heritage\/wp-json\/"}],"wp:attachment":[{"href":"https:\/\/monaghan.ie\/heritage\/wp-json\/wp\/v2\/media?parent=1285"}],"wp:term":[{"taxonomy":"category","embeddable":true,"href":"https:\/\/monaghan.ie\/heritage\/wp-json\/wp\/v2\/categories?post=1285"},{"taxonomy":"post_tag","embeddable":true,"href":"https:\/\/monaghan.ie\/heritage\/wp-json\/wp\/v2\/tags?post=1285"}],"curies":[{"name":"wp","href":"https:\/\/api.w.org\/{rel}","templated":true}]}}