{"id":2036,"date":"2020-09-08T12:29:39","date_gmt":"2020-09-08T11:29:39","guid":{"rendered":"https:\/\/monaghan.ie\/library\/?p=2036"},"modified":"2020-10-13T11:49:35","modified_gmt":"2020-10-13T10:49:35","slug":"culture-night-2020","status":"publish","type":"post","link":"https:\/\/monaghan.ie\/library\/culture-night-2020\/","title":{"rendered":"Culture Night 2020"},"content":{"rendered":"<h2>Connect Through Culture\/ Le Ch\u00e9ile Tr\u00ed Chult\u00far<\/h2>\n<p>Culture Night is an annual all-island public event that celebrates culture, creativity and the arts and takes place on the 3rd Friday of September. From 5pm onwards, cultural venues across the country stay open for everyone to come enjoy the unique experience of Culture Night, a free night of fun, entertainment and discovery.<\/p>\n<p>Monaghan has a vibrant rich cultural community, and this is a great opportunity to sample the area\u2019s cultural and creative offerings for free throughout the evening. The programme has been developing year on year and that is due to the cultural and creative community who partner with us.<\/p>\n<p>For 2020, we were challenged with putting together a programme within the health and safety guidelines of Covid19. And our partnering organisations have truly stepped up to the mark and put together a blended programme which we hope everyone will enjoy. Most of our events this year will take place online, but we do have two events happening offline (see programme for more details).<\/p>\n<p>We are delighted to have so many organisations involved this year again and we hope you enjoy exploring the rich cultural landscape of County Monaghan.<\/p>\n<p>Due to ongoing Covid-19, events on Culture Night programme are subject to change\/cancellation. We are committed to the health and safety of our participants and audience and appreciate your understanding of this matter.<\/p>\n<p>Check out the local <a href=\"https:\/\/monaghan.ie\/library\/wp-content\/uploads\/sites\/14\/2020\/09\/Culture-Night-2020-Final-Programme.pdf\" target=\"\" rel=\"noopener noreferrer\">Culture Night 2020 Programme here<\/a><\/p>\n<p>For more information on Culture Night go to <a href=\"https:\/\/culturenight.ie\/\">https:\/\/culturenight.ie\/<\/a><\/p>\n","protected":false},"excerpt":{"rendered":"<p>Connect Through Culture\/ Le Ch\u00e9ile Tr\u00ed Chult\u00far Culture Night is an annual all-island public event that celebrates culture, creativity and the arts and takes place on the 3rd Friday of [&hellip;]<\/p>\n","protected":false},"author":36,"featured_media":0,"comment_status":"closed","ping_status":"closed","sticky":false,"template":"","format":"standard","meta":{"_searchwp_excluded":"","footnotes":""},"categories":[5],"tags":[],"class_list":["post-2036","post","type-post","status-publish","format-standard","hentry","category-archive"],"yoast_head":"<!-- This site is optimized with the Yoast SEO plugin v27.2 - https:\/\/yoast.com\/product\/yoast-seo-wordpress\/ -->\n<title>Culture Night 2020 - Library<\/title>\n<meta name=\"robots\" content=\"index, follow, max-snippet:-1, max-image-preview:large, max-video-preview:-1\" \/>\n<link rel=\"canonical\" href=\"https:\/\/monaghan.ie\/library\/culture-night-2020\/\" \/>\n<meta property=\"og:locale\" content=\"en_GB\" \/>\n<meta property=\"og:type\" content=\"article\" \/>\n<meta property=\"og:title\" content=\"Culture Night 2020 - Library\" \/>\n<meta property=\"og:description\" content=\"Connect Through Culture\/ Le Ch\u00e9ile Tr\u00ed Chult\u00far Culture Night is an annual all-island public event that celebrates culture, creativity and the arts and takes place on the 3rd Friday of [&hellip;]\" \/>\n<meta property=\"og:url\" content=\"https:\/\/monaghan.ie\/library\/culture-night-2020\/\" \/>\n<meta property=\"og:site_name\" content=\"Library\" \/>\n<meta property=\"article:published_time\" content=\"2020-09-08T11:29:39+00:00\" \/>\n<meta property=\"article:modified_time\" content=\"2020-10-13T10:49:35+00:00\" \/>\n<meta name=\"author\" content=\"karenmccague\" \/>\n<meta name=\"twitter:card\" content=\"summary_large_image\" \/>\n<meta name=\"twitter:label1\" content=\"Written by\" \/>\n\t<meta name=\"twitter:data1\" content=\"karenmccague\" \/>\n\t<meta name=\"twitter:label2\" content=\"Estimated reading time\" \/>\n\t<meta name=\"twitter:data2\" content=\"1 minute\" \/>\n<script type=\"application\/ld+json\" class=\"yoast-schema-graph\">{\"@context\":\"https:\/\/schema.org\",\"@graph\":[{\"@type\":\"Article\",\"@id\":\"https:\/\/monaghan.ie\/library\/culture-night-2020\/#article\",\"isPartOf\":{\"@id\":\"https:\/\/monaghan.ie\/library\/culture-night-2020\/\"},\"author\":{\"name\":\"karenmccague\",\"@id\":\"https:\/\/monaghan.ie\/library\/#\/schema\/person\/b07b9537d84be2a08d70831214720638\"},\"headline\":\"Culture Night 2020\",\"datePublished\":\"2020-09-08T11:29:39+00:00\",\"dateModified\":\"2020-10-13T10:49:35+00:00\",\"mainEntityOfPage\":{\"@id\":\"https:\/\/monaghan.ie\/library\/culture-night-2020\/\"},\"wordCount\":254,\"articleSection\":[\"Archive\"],\"inLanguage\":\"en-GB\"},{\"@type\":\"WebPage\",\"@id\":\"https:\/\/monaghan.ie\/library\/culture-night-2020\/\",\"url\":\"https:\/\/monaghan.ie\/library\/culture-night-2020\/\",\"name\":\"Culture Night 2020 - Library\",\"isPartOf\":{\"@id\":\"https:\/\/monaghan.ie\/library\/#website\"},\"datePublished\":\"2020-09-08T11:29:39+00:00\",\"dateModified\":\"2020-10-13T10:49:35+00:00\",\"author\":{\"@id\":\"https:\/\/monaghan.ie\/library\/#\/schema\/person\/b07b9537d84be2a08d70831214720638\"},\"breadcrumb\":{\"@id\":\"https:\/\/monaghan.ie\/library\/culture-night-2020\/#breadcrumb\"},\"inLanguage\":\"en-GB\",\"potentialAction\":[{\"@type\":\"ReadAction\",\"target\":[\"https:\/\/monaghan.ie\/library\/culture-night-2020\/\"]}]},{\"@type\":\"BreadcrumbList\",\"@id\":\"https:\/\/monaghan.ie\/library\/culture-night-2020\/#breadcrumb\",\"itemListElement\":[{\"@type\":\"ListItem\",\"position\":1,\"name\":\"Home\",\"item\":\"https:\/\/monaghan.ie\/library\/\"},{\"@type\":\"ListItem\",\"position\":2,\"name\":\"Culture Night 2020\"}]},{\"@type\":\"WebSite\",\"@id\":\"https:\/\/monaghan.ie\/library\/#website\",\"url\":\"https:\/\/monaghan.ie\/library\/\",\"name\":\"Library\",\"description\":\"Monaghan County Council\",\"potentialAction\":[{\"@type\":\"SearchAction\",\"target\":{\"@type\":\"EntryPoint\",\"urlTemplate\":\"https:\/\/monaghan.ie\/library\/?s={search_term_string}\"},\"query-input\":{\"@type\":\"PropertyValueSpecification\",\"valueRequired\":true,\"valueName\":\"search_term_string\"}}],\"inLanguage\":\"en-GB\"},{\"@type\":\"Person\",\"@id\":\"https:\/\/monaghan.ie\/library\/#\/schema\/person\/b07b9537d84be2a08d70831214720638\",\"name\":\"karenmccague\",\"image\":{\"@type\":\"ImageObject\",\"inLanguage\":\"en-GB\",\"@id\":\"https:\/\/secure.gravatar.com\/avatar\/5e24fc31604982e1860cd559a7fb654534815c6ade9302826d5e5bcbf5bf3f5d?s=96&d=mm&r=g\",\"url\":\"https:\/\/secure.gravatar.com\/avatar\/5e24fc31604982e1860cd559a7fb654534815c6ade9302826d5e5bcbf5bf3f5d?s=96&d=mm&r=g\",\"contentUrl\":\"https:\/\/secure.gravatar.com\/avatar\/5e24fc31604982e1860cd559a7fb654534815c6ade9302826d5e5bcbf5bf3f5d?s=96&d=mm&r=g\",\"caption\":\"karenmccague\"},\"url\":\"https:\/\/monaghan.ie\/library\/author\/karenmccague\/\"}]}<\/script>\n<!-- \/ Yoast SEO plugin. -->","yoast_head_json":{"title":"Culture Night 2020 - Library","robots":{"index":"index","follow":"follow","max-snippet":"max-snippet:-1","max-image-preview":"max-image-preview:large","max-video-preview":"max-video-preview:-1"},"canonical":"https:\/\/monaghan.ie\/library\/culture-night-2020\/","og_locale":"en_GB","og_type":"article","og_title":"Culture Night 2020 - Library","og_description":"Connect Through Culture\/ Le Ch\u00e9ile Tr\u00ed Chult\u00far Culture Night is an annual all-island public event that celebrates culture, creativity and the arts and takes place on the 3rd Friday of [&hellip;]","og_url":"https:\/\/monaghan.ie\/library\/culture-night-2020\/","og_site_name":"Library","article_published_time":"2020-09-08T11:29:39+00:00","article_modified_time":"2020-10-13T10:49:35+00:00","author":"karenmccague","twitter_card":"summary_large_image","twitter_misc":{"Written by":"karenmccague","Estimated reading time":"1 minute"},"schema":{"@context":"https:\/\/schema.org","@graph":[{"@type":"Article","@id":"https:\/\/monaghan.ie\/library\/culture-night-2020\/#article","isPartOf":{"@id":"https:\/\/monaghan.ie\/library\/culture-night-2020\/"},"author":{"name":"karenmccague","@id":"https:\/\/monaghan.ie\/library\/#\/schema\/person\/b07b9537d84be2a08d70831214720638"},"headline":"Culture Night 2020","datePublished":"2020-09-08T11:29:39+00:00","dateModified":"2020-10-13T10:49:35+00:00","mainEntityOfPage":{"@id":"https:\/\/monaghan.ie\/library\/culture-night-2020\/"},"wordCount":254,"articleSection":["Archive"],"inLanguage":"en-GB"},{"@type":"WebPage","@id":"https:\/\/monaghan.ie\/library\/culture-night-2020\/","url":"https:\/\/monaghan.ie\/library\/culture-night-2020\/","name":"Culture Night 2020 - Library","isPartOf":{"@id":"https:\/\/monaghan.ie\/library\/#website"},"datePublished":"2020-09-08T11:29:39+00:00","dateModified":"2020-10-13T10:49:35+00:00","author":{"@id":"https:\/\/monaghan.ie\/library\/#\/schema\/person\/b07b9537d84be2a08d70831214720638"},"breadcrumb":{"@id":"https:\/\/monaghan.ie\/library\/culture-night-2020\/#breadcrumb"},"inLanguage":"en-GB","potentialAction":[{"@type":"ReadAction","target":["https:\/\/monaghan.ie\/library\/culture-night-2020\/"]}]},{"@type":"BreadcrumbList","@id":"https:\/\/monaghan.ie\/library\/culture-night-2020\/#breadcrumb","itemListElement":[{"@type":"ListItem","position":1,"name":"Home","item":"https:\/\/monaghan.ie\/library\/"},{"@type":"ListItem","position":2,"name":"Culture Night 2020"}]},{"@type":"WebSite","@id":"https:\/\/monaghan.ie\/library\/#website","url":"https:\/\/monaghan.ie\/library\/","name":"Library","description":"Monaghan County Council","potentialAction":[{"@type":"SearchAction","target":{"@type":"EntryPoint","urlTemplate":"https:\/\/monaghan.ie\/library\/?s={search_term_string}"},"query-input":{"@type":"PropertyValueSpecification","valueRequired":true,"valueName":"search_term_string"}}],"inLanguage":"en-GB"},{"@type":"Person","@id":"https:\/\/monaghan.ie\/library\/#\/schema\/person\/b07b9537d84be2a08d70831214720638","name":"karenmccague","image":{"@type":"ImageObject","inLanguage":"en-GB","@id":"https:\/\/secure.gravatar.com\/avatar\/5e24fc31604982e1860cd559a7fb654534815c6ade9302826d5e5bcbf5bf3f5d?s=96&d=mm&r=g","url":"https:\/\/secure.gravatar.com\/avatar\/5e24fc31604982e1860cd559a7fb654534815c6ade9302826d5e5bcbf5bf3f5d?s=96&d=mm&r=g","contentUrl":"https:\/\/secure.gravatar.com\/avatar\/5e24fc31604982e1860cd559a7fb654534815c6ade9302826d5e5bcbf5bf3f5d?s=96&d=mm&r=g","caption":"karenmccague"},"url":"https:\/\/monaghan.ie\/library\/author\/karenmccague\/"}]}},"_links":{"self":[{"href":"https:\/\/monaghan.ie\/library\/wp-json\/wp\/v2\/posts\/2036","targetHints":{"allow":["GET"]}}],"collection":[{"href":"https:\/\/monaghan.ie\/library\/wp-json\/wp\/v2\/posts"}],"about":[{"href":"https:\/\/monaghan.ie\/library\/wp-json\/wp\/v2\/types\/post"}],"author":[{"embeddable":true,"href":"https:\/\/monaghan.ie\/library\/wp-json\/wp\/v2\/users\/36"}],"replies":[{"embeddable":true,"href":"https:\/\/monaghan.ie\/library\/wp-json\/wp\/v2\/comments?post=2036"}],"version-history":[{"count":0,"href":"https:\/\/monaghan.ie\/library\/wp-json\/wp\/v2\/posts\/2036\/revisions"}],"wp:attachment":[{"href":"https:\/\/monaghan.ie\/library\/wp-json\/wp\/v2\/media?parent=2036"}],"wp:term":[{"taxonomy":"category","embeddable":true,"href":"https:\/\/monaghan.ie\/library\/wp-json\/wp\/v2\/categories?post=2036"},{"taxonomy":"post_tag","embeddable":true,"href":"https:\/\/monaghan.ie\/library\/wp-json\/wp\/v2\/tags?post=2036"}],"curies":[{"name":"wp","href":"https:\/\/api.w.org\/{rel}","templated":true}]}}